{"id":10672,"date":"2026-04-26T14:36:00","date_gmt":"2026-04-26T12:36:00","guid":{"rendered":"https:\/\/mgr-servicios.com\/electricidad\/sin-categoria\/electricista-24-horas-en-san-vicente-de-la-sonsierra\/"},"modified":"2026-04-26T14:36:00","modified_gmt":"2026-04-26T12:36:00","slug":"electricista-24-horas-en-san-vicente-de-la-sonsierra","status":"publish","type":"post","link":"https:\/\/mgr-servicios.com\/electricidad\/la-rioja\/electricista-24-horas-en-san-vicente-de-la-sonsierra\/","title":{"rendered":"Electricista 24 horas en San Vicente de la Sonsierra"},"content":{"rendered":"<section class=\"bloque-hero-bofu\">\n<h2>\u00bfNo funciona la instalaci\u00f3n el\u00e9ctrica de tu vivienda? Electricista en San Vicente de la Sonsierra<\/h2>\n<p class=\"hero-subtitulo\">Si no tienes corriente, comprobamos el estado de la instalaci\u00f3n antes de intervenir sobre el cuadro el\u00e9ctrico.<\/p>\n<div class=\"hero-cta\"> <a href=\"https:\/\/mgr-servicios.com\/electricidad\/contacto\/\" class=\"btn-llamar\"> &#128233; Hablar con un profesional <\/a> <\/div>\n<div class=\"micro-trust\"> <span>Cortes de corriente<\/span><span>Revisi\u00f3n el\u00e9ctrica<\/span><span>Recuperaci\u00f3n de servicio<\/span><span>Instalaciones el\u00e9ctricas<\/span> <\/div>\n<\/section>\n<section class=\"bloque-servicios-principales\">\n<div class=\"servicios-header\"> <span class=\"servicios-badge\">Electricista urgente \u00b7 Aver\u00edas \u00b7 Cuadros el\u00e9ctricos \u00b7 Cortes de suministro<\/span> <\/p>\n<h2>Servicios urgentes de electricidad en San Vicente de la Sonsierra<\/h2>\n<p class=\"servicios-intro-texto\"> Atendemos incidencias relacionadas con cortes de suministro, diferenciales que saltan, aver\u00edas el\u00e9ctricas y componentes que presentan desgaste o fallos habituales por el uso diario. <\/p>\n<\/p><\/div>\n<div class=\"servicios-grid\">\n<div class=\"servicio-card\">\n<div class=\"servicio-card-top\"> <span class=\"servicio-check\">&#128736;<\/span> <\/p>\n<h3>Localizaci\u00f3n de aver\u00edas el\u00e9ctricas<\/h3>\n<\/p><\/div>\n<div class=\"servicio-card-content\"> <span class=\"servicio-mini-label\">Servicio habitual<\/span> <\/p>\n<p>Localizamos aver\u00edas en instalaciones el\u00e9ctricas intentando identificar el origen del problema sin intervenir en elementos innecesarios.<\/p>\n<\/p><\/div>\n<\/p><\/div>\n<div class=\"servicio-card\">\n<div class=\"servicio-card-top\"> <span class=\"servicio-check\">&#128736;<\/span> <\/p>\n<h3>Cortes de suministro el\u00e9ctrico<\/h3>\n<\/p><\/div>\n<div class=\"servicio-card-content\"> <span class=\"servicio-mini-label\">Servicio habitual<\/span> <\/p>\n<p>Muchos avisos urgentes aparecen cuando una vivienda o local se queda sin suministro el\u00e9ctrico de forma repentina.<\/p>\n<\/p><\/div>\n<\/p><\/div>\n<div class=\"servicio-card\">\n<div class=\"servicio-card-top\"> <span class=\"servicio-check\">&#128736;<\/span> <\/p>\n<h3>Sustituci\u00f3n de magnetot\u00e9rmicos<\/h3>\n<\/p><\/div>\n<div class=\"servicio-card-content\"> <span class=\"servicio-mini-label\">Servicio habitual<\/span> <\/p>\n<p>Sustituimos magnetot\u00e9rmicos deteriorados o averiados por componentes compatibles con la instalaci\u00f3n existente.<\/p>\n<\/p><\/div>\n<\/p><\/div>\n<div class=\"servicio-card\">\n<div class=\"servicio-card-top\"> <span class=\"servicio-check\">&#128736;<\/span> <\/p>\n<h3>Revisi\u00f3n el\u00e9ctrica tras cortocircuito<\/h3>\n<\/p><\/div>\n<div class=\"servicio-card-content\"> <span class=\"servicio-mini-label\">Servicio habitual<\/span> <\/p>\n<p>Revisamos instalaciones afectadas por cortocircuitos para detectar da\u00f1os y comprobar el estado de los distintos circuitos.<\/p>\n<\/p><\/div>\n<\/p><\/div>\n<div class=\"servicio-card\">\n<div class=\"servicio-card-top\"> <span class=\"servicio-check\">&#128736;<\/span> <\/p>\n<h3>Aver\u00edas en cuadros el\u00e9ctricos<\/h3>\n<\/p><\/div>\n<div class=\"servicio-card-content\"> <span class=\"servicio-mini-label\">Servicio habitual<\/span> <\/p>\n<p>Trabajamos con cuadros el\u00e9ctricos que presentan fallos, disparos continuos o problemas relacionados con la distribuci\u00f3n el\u00e9ctrica.<\/p>\n<\/p><\/div>\n<\/p><\/div>\n<div class=\"servicio-card\">\n<div class=\"servicio-card-top\"> <span class=\"servicio-check\">&#128736;<\/span> <\/p>\n<h3>Diferenciales que saltan constantemente<\/h3>\n<\/p><\/div>\n<div class=\"servicio-card-content\"> <span class=\"servicio-mini-label\">Servicio habitual<\/span> <\/p>\n<p>Revisamos instalaciones donde el diferencial se dispara repetidamente e impide utilizar la instalaci\u00f3n con normalidad.<\/p>\n<\/p><\/div>\n<\/p><\/div>\n<div class=\"servicio-card\">\n<div class=\"servicio-card-top\"> <span class=\"servicio-check\">&#128736;<\/span> <\/p>\n<h3>Aver\u00edas el\u00e9ctricas en locales y negocios<\/h3>\n<\/p><\/div>\n<div class=\"servicio-card-content\"> <span class=\"servicio-mini-label\">Servicio habitual<\/span> <\/p>\n<p>Atendemos incidencias el\u00e9ctricas relacionadas con locales comerciales, oficinas y negocios que necesitan recuperar el suministro o la operatividad.<\/p>\n<\/p><\/div>\n<\/p><\/div>\n<div class=\"servicio-card\">\n<div class=\"servicio-card-top\"> <span class=\"servicio-check\">&#128736;<\/span> <\/p>\n<h3>Magnetot\u00e9rmicos averiados<\/h3>\n<\/p><\/div>\n<div class=\"servicio-card-content\"> <span class=\"servicio-mini-label\">Servicio habitual<\/span> <\/p>\n<p>Realizamos intervenciones relacionadas con magnetot\u00e9rmicos que dejan de funcionar correctamente o generan incidencias repetidas.<\/p>\n<\/p><\/div>\n<\/p><\/div>\n<\/p><\/div>\n<div class=\"servicios-cta-soft\">\n<p>Muchas incidencias empiezan con peque\u00f1os s\u00edntomas: luces que parpadean, enchufes que fallan o diferenciales que saltan ocasionalmente.<\/p>\n<p> <a href=\"#contacto\">Consultar incidencia<\/a> <\/div>\n<\/section>\n<section class=\"bloque-por-que-elegirnos\">\n<h2>Clientes que vuelven a recurrir a nuestros servicios el\u00e9ctricos en San Vicente de la Sonsierra<\/h2>\n<p>Muchas veces una revisi\u00f3n correcta permite detectar si el fallo afecta realmente a toda la instalaci\u00f3n o \u00fanicamente a una parte concreta del sistema el\u00e9ctrico.<\/p>\n<p>Por eso solemos comprobar primero c\u00f3mo est\u00e1 funcionando la instalaci\u00f3n antes de realizar cambios innecesarios o sustituir componentes que todav\u00eda pueden seguir funcionando correctamente.<\/p>\n<div class=\"nota-operativa\"> <span>Forma habitual de actuar:<\/span> <\/p>\n<p>Priorizamos actuaciones l\u00f3gicas y ajustadas al estado real de la instalaci\u00f3n.<\/p>\n<\/p><\/div>\n<div class=\"diferenciales-grid\">\n<div class=\"diferencial-item\">\n<h3>Diagn\u00f3stico preciso<\/h3>\n<p>En muchas incidencias conseguimos localizar el origen del problema antes de plantear sustituciones o reparaciones mayores.<\/p>\n<\/p><\/div>\n<div class=\"diferencial-item\">\n<h3>Atenci\u00f3n clara<\/h3>\n<p>Explicamos cada situaci\u00f3n de forma sencilla antes de realizar cambios o actuaciones innecesarias.<\/p>\n<\/p><\/div>\n<div class=\"diferencial-item\">\n<h3>Valoraci\u00f3n razonable<\/h3>\n<p>Revisamos el estado real de la instalaci\u00f3n antes de plantear cambios completos o sustituciones innecesarias.<\/p>\n<\/p><\/div>\n<div class=\"diferencial-item\">\n<h3>Trabajo cuidadoso<\/h3>\n<p>Siempre que la situaci\u00f3n lo permite intentamos realizar cada intervenci\u00f3n minimizando manipulaciones y cambios innecesarios.<\/p>\n<\/p><\/div>\n<\/p><\/div>\n<\/section>\n<section class=\"bloque-cobertura-geolocal\">\n<div class=\"geo-header\"> <span class=\"geo-badge\"> Cobertura y desplazamientos <\/span> <\/p>\n<h2>Localidades pr\u00f3ximas donde realizamos servicios de electricidad<\/h2>\n<p>Adem\u00e1s de San Vicente de la Sonsierra, tambi\u00e9n atendemos avisos en localidades cercanas donde realizamos actuaciones relacionadas con instalaciones y aver\u00edas el\u00e9ctricas.<\/p>\n<p>Trabajamos en viviendas particulares, negocios y comunidades de distintas zonas de la comarca.<\/p>\n<p>La cobertura diaria depende de la ubicaci\u00f3n y de la disponibilidad operativa.<\/p>\n<\/p><\/div>\n<div class=\"zonas-cobertura\">\n<div class=\"zonas-header\">\n<h3>Tambi\u00e9n nos movemos por estas zonas<\/h3>\n<\/p><\/div>\n<div class=\"zonas-grid\"> <a class=\"zona-card\" href=\"\/electricidad\/la-rioja\/electricista-24-horas-en-abalos\/\"> <span class=\"zona-icon\">&#128205;<\/span> <span class=\"zona-texto\">Electricista 24 horas en \u00c1balos<\/span> <\/a> <a class=\"zona-card\" href=\"\/electricidad\/la-rioja\/electricista-24-horas-en-san-asensio\/\"> <span class=\"zona-icon\">&#128205;<\/span> <span class=\"zona-texto\">Electricista 24 horas en San Asensio<\/span> <\/a> <a class=\"zona-card\" href=\"\/electricidad\/la-rioja\/electricista-24-horas-en-briones\/\"> <span class=\"zona-icon\">&#128205;<\/span> <span class=\"zona-texto\">Electricista 24 horas en Briones<\/span> <\/a> <a class=\"zona-card\" href=\"\/electricidad\/la-rioja\/electricista-24-horas-en-logrono\/\"> <span class=\"zona-icon\">&#128205;<\/span> <span class=\"zona-texto\">Electricista 24 horas en Logro\u00f1o<\/span> <\/a> <a class=\"zona-card\" href=\"\/electricidad\/la-rioja\/electricista-24-horas-en-cenicero\/\"> <span class=\"zona-icon\">&#128205;<\/span> <span class=\"zona-texto\">Electricista 24 horas en Cenicero<\/span> <\/a> <a class=\"zona-card\" href=\"\/electricidad\/la-rioja\/electricista-24-horas-en-haro\/\"> <span class=\"zona-icon\">&#128205;<\/span> <span class=\"zona-texto\">Electricista 24 horas en Haro<\/span> <\/a> <\/div>\n<\/p><\/div>\n<\/section>\n<section class=\"bloque-consejos-seguridad\">\n<div class=\"consejos-header\"> <span class=\"consejos-badge\"> \u26a1 Aver\u00edas \u00b7 Seguridad \u00b7 Recomendaciones b\u00e1sicas <\/span> <\/p>\n<h2>Qu\u00e9 puedes hacer mientras llega un electricista urgente en San Vicente de la Sonsierra<\/h2>\n<p>Cuando se produce una aver\u00eda el\u00e9ctrica es habitual intentar encontrar una soluci\u00f3n inmediata. Sin embargo, determinadas incidencias pueden requerir una valoraci\u00f3n adecuada para evitar riesgos innecesarios.<\/p>\n<p>Mientras llega la asistencia, existen algunas medidas prudentes que pueden ayudar a reducir problemas adicionales o facilitar la identificaci\u00f3n de la incidencia.<\/p>\n<\/p><\/div>\n<div class=\"consejos-grid\">\n<div class=\"consejo-card\">\n<div class=\"consejo-card-top\"> <span class=\"consejo-emoji\">\u26a1<\/span> <\/div>\n<div class=\"consejo-card-content\">\n<h3>Si el diferencial ha saltado<\/h3>\n<p>Evita rearmarlo de forma repetida si vuelve a desconectarse inmediatamente. Esto puede indicar una incidencia que requiere revisi\u00f3n.<\/p>\n<\/p><\/div>\n<\/p><\/div>\n<div class=\"consejo-card\">\n<div class=\"consejo-card-top\"> <span class=\"consejo-emoji\">\u26a1<\/span> <\/div>\n<div class=\"consejo-card-content\">\n<h3>Si observas chispas o destellos<\/h3>\n<p>Evita utilizar el punto afectado y procura mantenerlo fuera de servicio hasta que pueda revisarse correctamente.<\/p>\n<\/p><\/div>\n<\/p><\/div>\n<div class=\"consejo-card\">\n<div class=\"consejo-card-top\"> <span class=\"consejo-emoji\">\u26a1<\/span> <\/div>\n<div class=\"consejo-card-content\">\n<h3>Si el problema parece estar en el cuadro el\u00e9ctrico<\/h3>\n<p>No resulta recomendable desmontar protecciones o manipular componentes internos cuando se desconoce el origen de la incidencia.<\/p>\n<\/p><\/div>\n<\/p><\/div>\n<div class=\"consejo-card\">\n<div class=\"consejo-card-top\"> <span class=\"consejo-emoji\">\u26a1<\/span> <\/div>\n<div class=\"consejo-card-content\">\n<h3>Si la incidencia apareci\u00f3 de forma repentina<\/h3>\n<p>Recordar qu\u00e9 equipos estaban funcionando en ese momento puede aportar informaci\u00f3n \u00fatil durante la revisi\u00f3n.<\/p>\n<\/p><\/div>\n<\/p><\/div>\n<\/p><\/div>\n<\/section>\n<section class=\"bloque-mitos-servicio\">\n<h2>Errores habituales relacionados con cuadros el\u00e9ctricos y diferenciales<\/h2>\n<div class=\"item-mito\">\n<div class=\"mito-label\"> Mito habitual <\/div>\n<p class=\"mito-texto\"> Cualquier aver\u00eda el\u00e9ctrica se soluciona en unos minutos. <\/p>\n<div class=\"realidad-label\"> Situaci\u00f3n real <\/div>\n<p class=\"realidad-texto\"> Algunas incidencias son sencillas y otras no. A veces la instalaci\u00f3n ya ven\u00eda mostrando s\u00edntomas, exist\u00edan conexiones deterioradas o el origen del fallo requiere una revisi\u00f3n m\u00e1s profunda. <\/p>\n<\/p><\/div>\n<div class=\"item-mito\">\n<div class=\"mito-label\"> Mito habitual <\/div>\n<p class=\"mito-texto\"> Google siempre muestra los electricistas m\u00e1s fiables. <\/p>\n<div class=\"realidad-label\"> Situaci\u00f3n real <\/div>\n<p class=\"realidad-texto\"> No siempre. Hay anuncios, centrales y p\u00e1ginas que parecen locales pero luego gestionan avisos desde otras zonas. Ocurre con bastante frecuencia. <\/p>\n<\/p><\/div>\n<div class=\"item-mito\">\n<div class=\"mito-label\"> Mito habitual <\/div>\n<p class=\"mito-texto\"> Si salta el diferencial, siempre hay que cambiarlo. <\/p>\n<div class=\"realidad-label\"> Situaci\u00f3n real <\/div>\n<p class=\"realidad-texto\"> No siempre. Muchas veces el diferencial est\u00e1 funcionando correctamente y el problema se encuentra en alg\u00fan aparato, circuito o punto concreto de la instalaci\u00f3n. <\/p>\n<\/p><\/div>\n<div class=\"item-mito\">\n<div class=\"mito-label\"> Mito habitual <\/div>\n<p class=\"mito-texto\"> Los cuadros el\u00e9ctricos modernos nunca se aver\u00edan. <\/p>\n<div class=\"realidad-label\"> Situaci\u00f3n real <\/div>\n<p class=\"realidad-texto\"> Como cualquier otro elemento t\u00e9cnico, tambi\u00e9n pueden sufrir desgaste, fallos internos o problemas derivados de otros componentes de la instalaci\u00f3n. <\/p>\n<\/p><\/div>\n<\/section>\n<section class=\"bloque-como-trabajamos\">\n<div class=\"trabajo-header\"> <span class=\"trabajo-badge\"> Proceso habitual <\/span> <\/p>\n<h2>Pasos habituales ante una p\u00e9rdida de suministro el\u00e9ctrico<\/h2>\n<\/p><\/div>\n<div class=\"pasos-wrapper cards\">\n<div class=\"paso-card\">\n<div class=\"paso-numero\"> <span class=\"paso-index\"> 1 <\/span> <\/div>\n<div class=\"paso-contenido\">\n<h3>Comprobaci\u00f3n del alcance de la aver\u00eda<\/h3>\n<p>Cuando una instalaci\u00f3n se queda sin corriente revisamos primero si el fallo afecta a toda la vivienda, a una zona concreta o a determinados circuitos.<\/p>\n<\/p><\/div>\n<\/p><\/div>\n<div class=\"paso-card\">\n<div class=\"paso-numero\"> <span class=\"paso-index\"> 2 <\/span> <\/div>\n<div class=\"paso-contenido\">\n<h3>Valoraci\u00f3n de la causa m\u00e1s probable<\/h3>\n<p>Antes de intervenir comprobamos si la incidencia puede estar relacionada con protecciones el\u00e9ctricas, sobrecargas o alg\u00fan fallo interno de la instalaci\u00f3n.<\/p>\n<\/p><\/div>\n<\/p><\/div>\n<div class=\"paso-card\">\n<div class=\"paso-numero\"> <span class=\"paso-index\"> 3 <\/span> <\/div>\n<div class=\"paso-contenido\">\n<h3>Revisi\u00f3n final del funcionamiento<\/h3>\n<p>Despu\u00e9s de la intervenci\u00f3n comprobamos que los circuitos recuperen el suministro y que la instalaci\u00f3n funcione correctamente.<\/p>\n<\/p><\/div>\n<\/p><\/div>\n<\/p><\/div>\n<\/section>\n<section class=\"bloque-faq-servicio\">\n<div class=\"faq-header\"> <span class=\"faq-badge\"> Preguntas frecuentes <\/span> <\/p>\n<h2>Preguntas habituales sobre aver\u00edas e instalaciones el\u00e9ctricas en San Vicente de la Sonsierra<\/h2>\n<\/p><\/div>\n<div class=\"faq-listado\">\n<details class=\"faq-item\">\n<summary>\u00bfSe sustituyen diferenciales y magnetot\u00e9rmicos averiados?<\/summary>\n<div class=\"faq-respuesta\">\n<p>S\u00ed. Revisamos y sustituimos elementos de protecci\u00f3n que presentan desgaste, fallos de funcionamiento o problemas de seguridad.<\/p>\n<\/p><\/div>\n<\/details>\n<details class=\"faq-item\">\n<summary>\u00bfConviene revisar una instalaci\u00f3n tras un cortocircuito?<\/summary>\n<div class=\"faq-respuesta\">\n<p>S\u00ed. Despu\u00e9s de un cortocircuito es recomendable comprobar el estado de las protecciones y de los elementos afectados antes de seguir utilizando la instalaci\u00f3n con normalidad.<\/p>\n<\/p><\/div>\n<\/details>\n<details class=\"faq-item\">\n<summary>\u00bfSe revisan instalaciones que presentan fallos de funcionamiento?<\/summary>\n<div class=\"faq-respuesta\">\n<p>S\u00ed. Algunas aver\u00edas aparecen de forma progresiva y otras surgen de manera repentina. En ambos casos conviene localizar el origen real del problema.<\/p>\n<\/p><\/div>\n<\/details>\n<details class=\"faq-item\">\n<summary>\u00bfEs posible resolver una aver\u00eda sin sustituir toda la instalaci\u00f3n?<\/summary>\n<div class=\"faq-respuesta\">\n<p>S\u00ed. Muchas incidencias pueden solucionarse actuando \u00fanicamente sobre el componente que est\u00e1 provocando el fallo. Primero revisamos el origen real del problema.<\/p>\n<\/p><\/div>\n<\/details>\n<details class=\"faq-item\">\n<summary>\u00bfQu\u00e9 ocurre cuando una parte de la vivienda se queda sin corriente?<\/summary>\n<div class=\"faq-respuesta\">\n<p>Es una situaci\u00f3n bastante habitual cuando existe una incidencia localizada en un circuito concreto o en alguno de los elementos de protecci\u00f3n.<\/p>\n<\/p><\/div>\n<\/details><\/div>\n<\/section>\n<section class=\"bloque-cta-final\">\n<h2>\u00bfTe has quedado sin luz? Podemos ayudarte en San Vicente de la Sonsierra<\/h2>\n<p>Muchas urgencias ocurren al volver a casa, abrir un negocio o intentar utilizar equipos que de repente se quedan sin suministro.<\/p>\n<p>A veces el problema ni siquiera est\u00e1 en el punto donde aparece el fallo. Hay incidencias el\u00e9ctricas que terminan afectando a otras partes de la instalaci\u00f3n.<\/p>\n<div class=\"cta-final-box\"> <a href=\"https:\/\/mgr-servicios.com\/electricidad\/contacto\/\" class=\"boton-cta-final\"> &#128231; Enviar solicitud <\/a> <\/div>\n<\/section>\n<p><script type=\"application\/ld+json\">{\"@context\": \"https:\/\/schema.org\", \"@graph\": [{\"@type\": \"LocalBusiness\", \"priceRange\": \"\u20ac\u20ac\", \"@id\": \"https:\/\/mgr-servicios.com\/electricidad\/la-rioja\/electricista-24-horas-en-san-vicente-de-la-sonsierra\/#business\", \"name\": \"electricista 24 horas en San Vicente de la Sonsierra\", \"contactPoint\": {\"@type\": \"ContactPoint\", \"contactType\": \"customer support\", \"url\": \"https:\/\/mgr-servicios.com\/electricidad\/contacto\/\"}, \"areaServed\": {\"@type\": \"City\", \"name\": \"San Vicente de la Sonsierra\"}, \"address\": {\"@type\": \"PostalAddress\", \"addressLocality\": \"San Vicente de la Sonsierra\", \"addressCountry\": \"ES\"}, \"url\": \"https:\/\/mgr-servicios.com\/electricidad\/la-rioja\/electricista-24-horas-en-san-vicente-de-la-sonsierra\/\", \"openingHours\": \"Mo-Su 00:00-23:59\"}, {\"@type\": \"BreadcrumbList\", \"@id\": \"https:\/\/mgr-servicios.com\/electricidad\/la-rioja\/electricista-24-horas-en-san-vicente-de-la-sonsierra\/#breadcrumb\", \"itemListElement\": [{\"@type\": \"ListItem\", \"position\": 1, \"name\": \"Inicio\", \"item\": \"https:\/\/mgr-servicios.com\/electricidad\"}, {\"@type\": \"ListItem\", \"position\": 2, \"name\": \"La Rioja\", \"item\": \"https:\/\/mgr-servicios.com\/electricidad\/la-rioja\/\"}, {\"@type\": \"ListItem\", \"position\": 3, \"name\": \"electricista 24 horas en San Vicente de la Sonsierra\", \"item\": \"https:\/\/mgr-servicios.com\/electricidad\/la-rioja\/electricista-24-horas-en-san-vicente-de-la-sonsierra\/\"}]}, {\"@type\": \"Service\", \"@id\": \"https:\/\/mgr-servicios.com\/electricidad\/la-rioja\/electricista-24-horas-en-san-vicente-de-la-sonsierra\/#service\", \"serviceType\": \"electricista 24 horas\", \"areaServed\": {\"@type\": \"City\", \"name\": \"San Vicente de la Sonsierra\"}, \"provider\": {\"@id\": \"https:\/\/mgr-servicios.com\/electricidad\/la-rioja\/electricista-24-horas-en-san-vicente-de-la-sonsierra\/#business\"}, \"hasOfferCatalog\": {\"@type\": \"OfferCatalog\", \"name\": \"Asistencia en electricista 24 horas\", \"itemListElement\": [{\"@type\": \"Offer\", \"itemOffered\": {\"@type\": \"Service\", \"name\": \"Trabajos en electricista 24 horas\"}}, {\"@type\": \"Offer\", \"itemOffered\": {\"@type\": \"Service\", \"name\": \"Servicio de electricista 24 horas\"}}]}, \"availableChannel\": {\"@type\": \"ServiceChannel\", \"serviceLocation\": {\"@type\": \"City\", \"name\": \"San Vicente de la Sonsierra\"}}}, {\"@type\": \"WebPage\", \"@id\": \"https:\/\/mgr-servicios.com\/electricidad\/la-rioja\/electricista-24-horas-en-san-vicente-de-la-sonsierra\/\", \"url\": \"https:\/\/mgr-servicios.com\/electricidad\/la-rioja\/electricista-24-horas-en-san-vicente-de-la-sonsierra\/\", \"name\": \"electricista 24 horas en San Vicente de la Sonsierra\", \"description\": \"Asistencia profesional de electricista 24 horas en San Vicente de la Sonsierra\", \"inLanguage\": \"es\", \"isPartOf\": {\"@type\": \"WebSite\", \"url\": \"https:\/\/mgr-servicios.com\/electricidad\"}, \"mainEntity\": {\"@id\": \"https:\/\/mgr-servicios.com\/electricidad\/la-rioja\/electricista-24-horas-en-san-vicente-de-la-sonsierra\/#service\"}}]}<\/script><\/p>\n","protected":false},"excerpt":{"rendered":"<p>\u00bfNo funciona la instalaci\u00f3n el\u00e9ctrica de tu vivienda? Electricista en San Vicente de la Sonsierra Si no tienes corriente, comprobamos el estado de la instalaci\u00f3n antes de intervenir sobre el cuadro el\u00e9ctrico. &#128233; Hablar con un profesional Cortes de corrienteRevisi\u00f3n el\u00e9ctricaRecuperaci\u00f3n de servicioInstalaciones el\u00e9ctricas Electricista urgente \u00b7 Aver\u00edas \u00b7 Cuadros el\u00e9ctricos \u00b7 Cortes de suministro [&hellip;]<\/p>\n","protected":false},"author":1,"featured_media":6770,"comment_status":"open","ping_status":"open","sticky":false,"template":"","format":"standard","meta":{"footnotes":""},"categories":[272],"tags":[],"class_list":["post-10672","post","type-post","status-publish","format-standard","has-post-thumbnail","hentry","category-la-rioja"],"blocksy_meta":[],"yoast_head":"<!-- This site is optimized with the Yoast SEO plugin v27.8 - https:\/\/yoast.com\/product\/yoast-seo-wordpress\/ -->\n<title>\u25b7 Electricista de guardia 24h en San Vicente de la Sonsierra | MGR<\/title>\n<meta name=\"description\" content=\"Electricista 24h en San Vicente de la Sonsierra \u26a1 Soluci\u00f3n inmediata para apagones, cortocircuitos y problemas el\u00e9ctricos inesperados. \u260e\ufe0f Llama ya.\" \/>\n<meta name=\"robots\" content=\"index, follow, max-snippet:-1, max-image-preview:large, max-video-preview:-1\" \/>\n<link rel=\"canonical\" href=\"https:\/\/mgr-servicios.com\/electricidad\/sin-categoria\/electricista-24-horas-en-san-vicente-de-la-sonsierra\/\" \/>\n<meta property=\"og:locale\" content=\"es_ES\" \/>\n<meta property=\"og:type\" content=\"article\" \/>\n<meta property=\"og:title\" content=\"\u25b7 Electricista de guardia 24h en San Vicente de la Sonsierra | MGR\" \/>\n<meta property=\"og:description\" content=\"Electricista 24h en San Vicente de la Sonsierra \u26a1 Soluci\u00f3n inmediata para apagones, cortocircuitos y problemas el\u00e9ctricos inesperados. \u260e\ufe0f Llama ya.\" \/>\n<meta property=\"og:url\" content=\"https:\/\/mgr-servicios.com\/electricidad\/sin-categoria\/electricista-24-horas-en-san-vicente-de-la-sonsierra\/\" \/>\n<meta property=\"og:site_name\" content=\"Electricidad\" \/>\n<meta property=\"article:published_time\" content=\"2026-04-26T12:36:00+00:00\" \/>\n<meta property=\"og:image\" content=\"https:\/\/mgr-servicios.com\/electricidad\/wp-content\/uploads\/sites\/126\/DEST_ELEC.webp\" \/>\n\t<meta property=\"og:image:width\" content=\"1933\" \/>\n\t<meta property=\"og:image:height\" content=\"814\" \/>\n\t<meta property=\"og:image:type\" content=\"image\/webp\" \/>\n<meta name=\"author\" content=\"madindio\" \/>\n<meta name=\"twitter:card\" content=\"summary_large_image\" \/>\n<meta name=\"twitter:label1\" content=\"Escrito por\" \/>\n\t<meta name=\"twitter:data1\" content=\"madindio\" \/>\n\t<meta name=\"twitter:label2\" content=\"Tiempo de lectura\" \/>\n\t<meta name=\"twitter:data2\" content=\"6 minutos\" \/>\n<!-- \/ Yoast SEO plugin. -->","yoast_head_json":{"title":"\u25b7 Electricista de guardia 24h en San Vicente de la Sonsierra | MGR","description":"Electricista 24h en San Vicente de la Sonsierra \u26a1 Soluci\u00f3n inmediata para apagones, cortocircuitos y problemas el\u00e9ctricos inesperados. \u260e\ufe0f Llama ya.","robots":{"index":"index","follow":"follow","max-snippet":"max-snippet:-1","max-image-preview":"max-image-preview:large","max-video-preview":"max-video-preview:-1"},"canonical":"https:\/\/mgr-servicios.com\/electricidad\/sin-categoria\/electricista-24-horas-en-san-vicente-de-la-sonsierra\/","og_locale":"es_ES","og_type":"article","og_title":"\u25b7 Electricista de guardia 24h en San Vicente de la Sonsierra | MGR","og_description":"Electricista 24h en San Vicente de la Sonsierra \u26a1 Soluci\u00f3n inmediata para apagones, cortocircuitos y problemas el\u00e9ctricos inesperados. \u260e\ufe0f Llama ya.","og_url":"https:\/\/mgr-servicios.com\/electricidad\/sin-categoria\/electricista-24-horas-en-san-vicente-de-la-sonsierra\/","og_site_name":"Electricidad","article_published_time":"2026-04-26T12:36:00+00:00","og_image":[{"width":1933,"height":814,"url":"https:\/\/mgr-servicios.com\/electricidad\/wp-content\/uploads\/sites\/126\/DEST_ELEC.webp","type":"image\/webp"}],"author":"madindio","twitter_card":"summary_large_image","twitter_misc":{"Escrito por":"madindio","Tiempo de lectura":"6 minutos"},"schema":{"@context":"https:\/\/schema.org","@graph":[{"@type":"Article","@id":"https:\/\/mgr-servicios.com\/electricidad\/sin-categoria\/electricista-24-horas-en-san-vicente-de-la-sonsierra\/#article","isPartOf":{"@id":"https:\/\/mgr-servicios.com\/electricidad\/sin-categoria\/electricista-24-horas-en-san-vicente-de-la-sonsierra\/"},"author":{"name":"madindio","@id":"https:\/\/mgr-servicios.com\/electricidad\/#\/schema\/person\/31d96ea0e6c72ae23ec4f725e949fdab"},"headline":"Electricista 24 horas en San Vicente de la Sonsierra","datePublished":"2026-04-26T12:36:00+00:00","mainEntityOfPage":{"@id":"https:\/\/mgr-servicios.com\/electricidad\/sin-categoria\/electricista-24-horas-en-san-vicente-de-la-sonsierra\/"},"wordCount":1268,"commentCount":0,"publisher":{"@id":"https:\/\/mgr-servicios.com\/electricidad\/#\/schema\/person\/31d96ea0e6c72ae23ec4f725e949fdab"},"image":{"@id":"https:\/\/mgr-servicios.com\/electricidad\/sin-categoria\/electricista-24-horas-en-san-vicente-de-la-sonsierra\/#primaryimage"},"thumbnailUrl":"https:\/\/mgr-servicios.com\/electricidad\/wp-content\/uploads\/sites\/126\/DEST_ELEC.webp","articleSection":["La Rioja"],"inLanguage":"es","potentialAction":[{"@type":"CommentAction","name":"Comment","target":["https:\/\/mgr-servicios.com\/electricidad\/sin-categoria\/electricista-24-horas-en-san-vicente-de-la-sonsierra\/#respond"]}]},{"@type":"WebPage","@id":"https:\/\/mgr-servicios.com\/electricidad\/sin-categoria\/electricista-24-horas-en-san-vicente-de-la-sonsierra\/","url":"https:\/\/mgr-servicios.com\/electricidad\/sin-categoria\/electricista-24-horas-en-san-vicente-de-la-sonsierra\/","name":"\u25b7 Electricista de guardia 24h en San Vicente de la Sonsierra | MGR","isPartOf":{"@id":"https:\/\/mgr-servicios.com\/electricidad\/#website"},"primaryImageOfPage":{"@id":"https:\/\/mgr-servicios.com\/electricidad\/sin-categoria\/electricista-24-horas-en-san-vicente-de-la-sonsierra\/#primaryimage"},"image":{"@id":"https:\/\/mgr-servicios.com\/electricidad\/sin-categoria\/electricista-24-horas-en-san-vicente-de-la-sonsierra\/#primaryimage"},"thumbnailUrl":"https:\/\/mgr-servicios.com\/electricidad\/wp-content\/uploads\/sites\/126\/DEST_ELEC.webp","datePublished":"2026-04-26T12:36:00+00:00","description":"Electricista 24h en San Vicente de la Sonsierra \u26a1 Soluci\u00f3n inmediata para apagones, cortocircuitos y problemas el\u00e9ctricos inesperados. \u260e\ufe0f Llama ya.","breadcrumb":{"@id":"https:\/\/mgr-servicios.com\/electricidad\/sin-categoria\/electricista-24-horas-en-san-vicente-de-la-sonsierra\/#breadcrumb"},"inLanguage":"es","potentialAction":[{"@type":"ReadAction","target":["https:\/\/mgr-servicios.com\/electricidad\/sin-categoria\/electricista-24-horas-en-san-vicente-de-la-sonsierra\/"]}]},{"@type":"ImageObject","inLanguage":"es","@id":"https:\/\/mgr-servicios.com\/electricidad\/sin-categoria\/electricista-24-horas-en-san-vicente-de-la-sonsierra\/#primaryimage","url":"https:\/\/mgr-servicios.com\/electricidad\/wp-content\/uploads\/sites\/126\/DEST_ELEC.webp","contentUrl":"https:\/\/mgr-servicios.com\/electricidad\/wp-content\/uploads\/sites\/126\/DEST_ELEC.webp","width":1933,"height":814},{"@type":"BreadcrumbList","@id":"https:\/\/mgr-servicios.com\/electricidad\/sin-categoria\/electricista-24-horas-en-san-vicente-de-la-sonsierra\/#breadcrumb","itemListElement":[{"@type":"ListItem","position":1,"name":"Portada","item":"https:\/\/mgr-servicios.com\/electricidad\/"},{"@type":"ListItem","position":2,"name":"Electricista 24 horas en San Vicente de la Sonsierra"}]},{"@type":"WebSite","@id":"https:\/\/mgr-servicios.com\/electricidad\/#website","url":"https:\/\/mgr-servicios.com\/electricidad\/","name":"MGR","description":"","publisher":{"@id":"https:\/\/mgr-servicios.com\/electricidad\/#\/schema\/person\/31d96ea0e6c72ae23ec4f725e949fdab"},"potentialAction":[{"@type":"SearchAction","target":{"@type":"EntryPoint","urlTemplate":"https:\/\/mgr-servicios.com\/electricidad\/?s={search_term_string}"},"query-input":{"@type":"PropertyValueSpecification","valueRequired":true,"valueName":"search_term_string"}}],"inLanguage":"es"},{"@type":["Person","Organization"],"@id":"https:\/\/mgr-servicios.com\/electricidad\/#\/schema\/person\/31d96ea0e6c72ae23ec4f725e949fdab","name":"madindio","image":{"@type":"ImageObject","inLanguage":"es","@id":"https:\/\/mgr-servicios.com\/electricidad\/wp-content\/uploads\/sites\/126\/MGR_SERV_LOGO.webp","url":"https:\/\/mgr-servicios.com\/electricidad\/wp-content\/uploads\/sites\/126\/MGR_SERV_LOGO.webp","contentUrl":"https:\/\/mgr-servicios.com\/electricidad\/wp-content\/uploads\/sites\/126\/MGR_SERV_LOGO.webp","width":1332,"height":430,"caption":"madindio"},"logo":{"@id":"https:\/\/mgr-servicios.com\/electricidad\/wp-content\/uploads\/sites\/126\/MGR_SERV_LOGO.webp"},"sameAs":["https:\/\/www.uruservice.com"],"url":"https:\/\/mgr-servicios.com\/electricidad\/author\/madindio\/"}]}},"_links":{"self":[{"href":"https:\/\/mgr-servicios.com\/electricidad\/wp-json\/wp\/v2\/posts\/10672","targetHints":{"allow":["GET"]}}],"collection":[{"href":"https:\/\/mgr-servicios.com\/electricidad\/wp-json\/wp\/v2\/posts"}],"about":[{"href":"https:\/\/mgr-servicios.com\/electricidad\/wp-json\/wp\/v2\/types\/post"}],"author":[{"embeddable":true,"href":"https:\/\/mgr-servicios.com\/electricidad\/wp-json\/wp\/v2\/users\/1"}],"replies":[{"embeddable":true,"href":"https:\/\/mgr-servicios.com\/electricidad\/wp-json\/wp\/v2\/comments?post=10672"}],"version-history":[{"count":0,"href":"https:\/\/mgr-servicios.com\/electricidad\/wp-json\/wp\/v2\/posts\/10672\/revisions"}],"wp:featuredmedia":[{"embeddable":true,"href":"https:\/\/mgr-servicios.com\/electricidad\/wp-json\/wp\/v2\/media\/6770"}],"wp:attachment":[{"href":"https:\/\/mgr-servicios.com\/electricidad\/wp-json\/wp\/v2\/media?parent=10672"}],"wp:term":[{"taxonomy":"category","embeddable":true,"href":"https:\/\/mgr-servicios.com\/electricidad\/wp-json\/wp\/v2\/categories?post=10672"},{"taxonomy":"post_tag","embeddable":true,"href":"https:\/\/mgr-servicios.com\/electricidad\/wp-json\/wp\/v2\/tags?post=10672"}],"curies":[{"name":"wp","href":"https:\/\/api.w.org\/{rel}","templated":true}]}}